{"id":1316,"date":"2019-06-03T13:18:59","date_gmt":"2019-06-03T11:18:59","guid":{"rendered":"http:\/\/www.gospelchor-sustrum-moor.de\/?p=1316"},"modified":"2020-03-27T13:37:24","modified_gmt":"2020-03-27T11:37:24","slug":"benefizkonzert-in-neuboerger","status":"publish","type":"post","link":"https:\/\/www.gospelchor-sustrum-moor.de\/?p=1316","title":{"rendered":"Benefizkonzert in Neub\u00f6rger"},"content":{"rendered":"<p>Am 02.06.2019 fand ein Benefizkonzert in der Kirche in Neub\u00f6rger statt, mit dessen Erl\u00f6s wir zwei Missionsprojekte in Afrika unterst\u00fctzten.<\/p>\n<p>Hier ein paar Impressionen:<\/p>\n<p><img loading=\"lazy\" decoding=\"async\" class=\"alignnone size-medium wp-image-1335\" src=\"http:\/\/www.gospelchor-sustrum-moor.de\/wp-content\/uploads\/2020\/03\/PHOTO-2019-06-03-15-40-02-300x200.jpg\" alt=\"\" width=\"300\" height=\"200\" srcset=\"https:\/\/www.gospelchor-sustrum-moor.de\/wp-content\/uploads\/2020\/03\/PHOTO-2019-06-03-15-40-02-300x200.jpg 300w, https:\/\/www.gospelchor-sustrum-moor.de\/wp-content\/uploads\/2020\/03\/PHOTO-2019-06-03-15-40-02-768x512.jpg 768w, https:\/\/www.gospelchor-sustrum-moor.de\/wp-content\/uploads\/2020\/03\/PHOTO-2019-06-03-15-40-02-1024x683.jpg 1024w, https:\/\/www.gospelchor-sustrum-moor.de\/wp-content\/uploads\/2020\/03\/PHOTO-2019-06-03-15-40-02-272x182.jpg 272w, https:\/\/www.gospelchor-sustrum-moor.de\/wp-content\/uploads\/2020\/03\/PHOTO-2019-06-03-15-40-02.jpg 1600w\" sizes=\"(max-width: 300px) 100vw, 300px\" \/> <img loading=\"lazy\" decoding=\"async\" class=\"alignnone size-medium wp-image-1334\" src=\"http:\/\/www.gospelchor-sustrum-moor.de\/wp-content\/uploads\/2020\/03\/PHOTO-2019-06-03-09-21-18-200x300.jpg\" alt=\"\" width=\"200\" height=\"300\" srcset=\"https:\/\/www.gospelchor-sustrum-moor.de\/wp-content\/uploads\/2020\/03\/PHOTO-2019-06-03-09-21-18-200x300.jpg 200w, https:\/\/www.gospelchor-sustrum-moor.de\/wp-content\/uploads\/2020\/03\/PHOTO-2019-06-03-09-21-18-768x1152.jpg 768w, https:\/\/www.gospelchor-sustrum-moor.de\/wp-content\/uploads\/2020\/03\/PHOTO-2019-06-03-09-21-18-683x1024.jpg 683w, https:\/\/www.gospelchor-sustrum-moor.de\/wp-content\/uploads\/2020\/03\/PHOTO-2019-06-03-09-21-18.jpg 1067w\" sizes=\"(max-width: 200px) 100vw, 200px\" \/> <img loading=\"lazy\" decoding=\"async\" class=\"alignnone size-medium wp-image-1333\" src=\"http:\/\/www.gospelchor-sustrum-moor.de\/wp-content\/uploads\/2020\/03\/PHOTO-2019-06-03-09-17-03-200x300.jpg\" alt=\"\" width=\"200\" height=\"300\" srcset=\"https:\/\/www.gospelchor-sustrum-moor.de\/wp-content\/uploads\/2020\/03\/PHOTO-2019-06-03-09-17-03-200x300.jpg 200w, https:\/\/www.gospelchor-sustrum-moor.de\/wp-content\/uploads\/2020\/03\/PHOTO-2019-06-03-09-17-03-768x1152.jpg 768w, https:\/\/www.gospelchor-sustrum-moor.de\/wp-content\/uploads\/2020\/03\/PHOTO-2019-06-03-09-17-03-683x1024.jpg 683w, https:\/\/www.gospelchor-sustrum-moor.de\/wp-content\/uploads\/2020\/03\/PHOTO-2019-06-03-09-17-03.jpg 1067w\" sizes=\"(max-width: 200px) 100vw, 200px\" \/> <img loading=\"lazy\" decoding=\"async\" class=\"alignnone size-medium wp-image-1332\" src=\"http:\/\/www.gospelchor-sustrum-moor.de\/wp-content\/uploads\/2020\/03\/PHOTO-2019-06-03-09-14-42-200x300.jpg\" alt=\"\" width=\"200\" height=\"300\" srcset=\"https:\/\/www.gospelchor-sustrum-moor.de\/wp-content\/uploads\/2020\/03\/PHOTO-2019-06-03-09-14-42-200x300.jpg 200w, https:\/\/www.gospelchor-sustrum-moor.de\/wp-content\/uploads\/2020\/03\/PHOTO-2019-06-03-09-14-42-768x1152.jpg 768w, https:\/\/www.gospelchor-sustrum-moor.de\/wp-content\/uploads\/2020\/03\/PHOTO-2019-06-03-09-14-42-683x1024.jpg 683w, https:\/\/www.gospelchor-sustrum-moor.de\/wp-content\/uploads\/2020\/03\/PHOTO-2019-06-03-09-14-42.jpg 1067w\" sizes=\"(max-width: 200px) 100vw, 200px\" \/><\/p>\n<p><img loading=\"lazy\" decoding=\"async\" class=\"alignnone size-medium wp-image-1331\" src=\"http:\/\/www.gospelchor-sustrum-moor.de\/wp-content\/uploads\/2020\/03\/PHOTO-2019-06-02-23-02-55-300x200.jpg\" alt=\"\" width=\"300\" height=\"200\" srcset=\"https:\/\/www.gospelchor-sustrum-moor.de\/wp-content\/uploads\/2020\/03\/PHOTO-2019-06-02-23-02-55-300x200.jpg 300w, https:\/\/www.gospelchor-sustrum-moor.de\/wp-content\/uploads\/2020\/03\/PHOTO-2019-06-02-23-02-55-768x512.jpg 768w, https:\/\/www.gospelchor-sustrum-moor.de\/wp-content\/uploads\/2020\/03\/PHOTO-2019-06-02-23-02-55-1024x683.jpg 1024w, https:\/\/www.gospelchor-sustrum-moor.de\/wp-content\/uploads\/2020\/03\/PHOTO-2019-06-02-23-02-55-272x182.jpg 272w, https:\/\/www.gospelchor-sustrum-moor.de\/wp-content\/uploads\/2020\/03\/PHOTO-2019-06-02-23-02-55.jpg 1600w\" sizes=\"(max-width: 300px) 100vw, 300px\" \/> <img loading=\"lazy\" decoding=\"async\" class=\"alignnone size-medium wp-image-1330\" src=\"http:\/\/www.gospelchor-sustrum-moor.de\/wp-content\/uploads\/2020\/03\/IMG_8829-300x200.jpg\" alt=\"\" width=\"300\" height=\"200\" srcset=\"https:\/\/www.gospelchor-sustrum-moor.de\/wp-content\/uploads\/2020\/03\/IMG_8829-300x200.jpg 300w, https:\/\/www.gospelchor-sustrum-moor.de\/wp-content\/uploads\/2020\/03\/IMG_8829-768x512.jpg 768w, https:\/\/www.gospelchor-sustrum-moor.de\/wp-content\/uploads\/2020\/03\/IMG_8829-1024x683.jpg 1024w, https:\/\/www.gospelchor-sustrum-moor.de\/wp-content\/uploads\/2020\/03\/IMG_8829-272x182.jpg 272w\" sizes=\"(max-width: 300px) 100vw, 300px\" \/> <img loading=\"lazy\" decoding=\"async\" class=\"alignnone size-medium wp-image-1329\" src=\"http:\/\/www.gospelchor-sustrum-moor.de\/wp-content\/uploads\/2020\/03\/IMG_8828-200x300.jpg\" alt=\"\" width=\"200\" height=\"300\" srcset=\"https:\/\/www.gospelchor-sustrum-moor.de\/wp-content\/uploads\/2020\/03\/IMG_8828-200x300.jpg 200w, https:\/\/www.gospelchor-sustrum-moor.de\/wp-content\/uploads\/2020\/03\/IMG_8828-768x1152.jpg 768w, https:\/\/www.gospelchor-sustrum-moor.de\/wp-content\/uploads\/2020\/03\/IMG_8828-683x1024.jpg 683w\" sizes=\"(max-width: 200px) 100vw, 200px\" \/> <img loading=\"lazy\" decoding=\"async\" class=\"alignnone size-medium wp-image-1322\" src=\"http:\/\/www.gospelchor-sustrum-moor.de\/wp-content\/uploads\/2020\/03\/IMG_8815-200x300.jpg\" alt=\"\" width=\"200\" height=\"300\" srcset=\"https:\/\/www.gospelchor-sustrum-moor.de\/wp-content\/uploads\/2020\/03\/IMG_8815-200x300.jpg 200w, https:\/\/www.gospelchor-sustrum-moor.de\/wp-content\/uploads\/2020\/03\/IMG_8815-768x1152.jpg 768w, https:\/\/www.gospelchor-sustrum-moor.de\/wp-content\/uploads\/2020\/03\/IMG_8815-683x1024.jpg 683w\" sizes=\"(max-width: 200px) 100vw, 200px\" \/><\/p>\n<p><img loading=\"lazy\" decoding=\"async\" class=\"alignnone size-medium wp-image-1323\" src=\"http:\/\/www.gospelchor-sustrum-moor.de\/wp-content\/uploads\/2020\/03\/IMG_8816-200x300.jpg\" alt=\"\" width=\"200\" height=\"300\" srcset=\"https:\/\/www.gospelchor-sustrum-moor.de\/wp-content\/uploads\/2020\/03\/IMG_8816-200x300.jpg 200w, https:\/\/www.gospelchor-sustrum-moor.de\/wp-content\/uploads\/2020\/03\/IMG_8816-768x1152.jpg 768w, https:\/\/www.gospelchor-sustrum-moor.de\/wp-content\/uploads\/2020\/03\/IMG_8816-683x1024.jpg 683w\" sizes=\"(max-width: 200px) 100vw, 200px\" \/> <img loading=\"lazy\" decoding=\"async\" class=\"alignnone size-medium wp-image-1324\" src=\"http:\/\/www.gospelchor-sustrum-moor.de\/wp-content\/uploads\/2020\/03\/IMG_8818-200x300.jpg\" alt=\"\" width=\"200\" height=\"300\" srcset=\"https:\/\/www.gospelchor-sustrum-moor.de\/wp-content\/uploads\/2020\/03\/IMG_8818-200x300.jpg 200w, https:\/\/www.gospelchor-sustrum-moor.de\/wp-content\/uploads\/2020\/03\/IMG_8818-768x1152.jpg 768w, https:\/\/www.gospelchor-sustrum-moor.de\/wp-content\/uploads\/2020\/03\/IMG_8818-683x1024.jpg 683w\" sizes=\"(max-width: 200px) 100vw, 200px\" \/> <img loading=\"lazy\" decoding=\"async\" class=\"alignnone size-medium wp-image-1325\" src=\"http:\/\/www.gospelchor-sustrum-moor.de\/wp-content\/uploads\/2020\/03\/IMG_8821-200x300.jpg\" alt=\"\" width=\"200\" height=\"300\" srcset=\"https:\/\/www.gospelchor-sustrum-moor.de\/wp-content\/uploads\/2020\/03\/IMG_8821-200x300.jpg 200w, https:\/\/www.gospelchor-sustrum-moor.de\/wp-content\/uploads\/2020\/03\/IMG_8821-768x1152.jpg 768w, https:\/\/www.gospelchor-sustrum-moor.de\/wp-content\/uploads\/2020\/03\/IMG_8821-683x1024.jpg 683w\" sizes=\"(max-width: 200px) 100vw, 200px\" \/> <img loading=\"lazy\" decoding=\"async\" class=\"alignnone size-medium wp-image-1326\" src=\"http:\/\/www.gospelchor-sustrum-moor.de\/wp-content\/uploads\/2020\/03\/IMG_8822-200x300.jpg\" alt=\"\" width=\"200\" height=\"300\" srcset=\"https:\/\/www.gospelchor-sustrum-moor.de\/wp-content\/uploads\/2020\/03\/IMG_8822-200x300.jpg 200w, https:\/\/www.gospelchor-sustrum-moor.de\/wp-content\/uploads\/2020\/03\/IMG_8822-768x1152.jpg 768w, https:\/\/www.gospelchor-sustrum-moor.de\/wp-content\/uploads\/2020\/03\/IMG_8822-683x1024.jpg 683w\" sizes=\"(max-width: 200px) 100vw, 200px\" \/><\/p>\n<p><img loading=\"lazy\" decoding=\"async\" class=\"alignnone size-medium wp-image-1327\" src=\"http:\/\/www.gospelchor-sustrum-moor.de\/wp-content\/uploads\/2020\/03\/IMG_8826-300x200.jpg\" alt=\"\" width=\"300\" height=\"200\" srcset=\"https:\/\/www.gospelchor-sustrum-moor.de\/wp-content\/uploads\/2020\/03\/IMG_8826-300x200.jpg 300w, https:\/\/www.gospelchor-sustrum-moor.de\/wp-content\/uploads\/2020\/03\/IMG_8826-768x512.jpg 768w, https:\/\/www.gospelchor-sustrum-moor.de\/wp-content\/uploads\/2020\/03\/IMG_8826-1024x683.jpg 1024w, https:\/\/www.gospelchor-sustrum-moor.de\/wp-content\/uploads\/2020\/03\/IMG_8826-272x182.jpg 272w\" sizes=\"(max-width: 300px) 100vw, 300px\" \/> <img loading=\"lazy\" decoding=\"async\" class=\"alignnone size-medium wp-image-1328\" src=\"http:\/\/www.gospelchor-sustrum-moor.de\/wp-content\/uploads\/2020\/03\/IMG_8827-1-300x200.jpg\" alt=\"\" width=\"300\" height=\"200\" srcset=\"https:\/\/www.gospelchor-sustrum-moor.de\/wp-content\/uploads\/2020\/03\/IMG_8827-1-300x200.jpg 300w, https:\/\/www.gospelchor-sustrum-moor.de\/wp-content\/uploads\/2020\/03\/IMG_8827-1-768x512.jpg 768w, https:\/\/www.gospelchor-sustrum-moor.de\/wp-content\/uploads\/2020\/03\/IMG_8827-1-1024x683.jpg 1024w, https:\/\/www.gospelchor-sustrum-moor.de\/wp-content\/uploads\/2020\/03\/IMG_8827-1-272x182.jpg 272w\" sizes=\"(max-width: 300px) 100vw, 300px\" \/> <img loading=\"lazy\" decoding=\"async\" class=\"alignnone size-medium wp-image-1321\" src=\"http:\/\/www.gospelchor-sustrum-moor.de\/wp-content\/uploads\/2020\/03\/IMG_8814-300x200.jpg\" alt=\"\" width=\"300\" height=\"200\" srcset=\"https:\/\/www.gospelchor-sustrum-moor.de\/wp-content\/uploads\/2020\/03\/IMG_8814-300x200.jpg 300w, https:\/\/www.gospelchor-sustrum-moor.de\/wp-content\/uploads\/2020\/03\/IMG_8814-768x513.jpg 768w, https:\/\/www.gospelchor-sustrum-moor.de\/wp-content\/uploads\/2020\/03\/IMG_8814-1024x684.jpg 1024w, https:\/\/www.gospelchor-sustrum-moor.de\/wp-content\/uploads\/2020\/03\/IMG_8814-272x182.jpg 272w\" sizes=\"(max-width: 300px) 100vw, 300px\" \/><\/p>\n<p><img loading=\"lazy\" decoding=\"async\" class=\"alignnone size-medium wp-image-1320\" src=\"http:\/\/www.gospelchor-sustrum-moor.de\/wp-content\/uploads\/2020\/03\/IMG_8804-300x200.jpg\" alt=\"\" width=\"300\" height=\"200\" srcset=\"https:\/\/www.gospelchor-sustrum-moor.de\/wp-content\/uploads\/2020\/03\/IMG_8804-300x200.jpg 300w, https:\/\/www.gospelchor-sustrum-moor.de\/wp-content\/uploads\/2020\/03\/IMG_8804-768x512.jpg 768w, https:\/\/www.gospelchor-sustrum-moor.de\/wp-content\/uploads\/2020\/03\/IMG_8804-1024x683.jpg 1024w, https:\/\/www.gospelchor-sustrum-moor.de\/wp-content\/uploads\/2020\/03\/IMG_8804-272x182.jpg 272w\" sizes=\"(max-width: 300px) 100vw, 300px\" \/> <img loading=\"lazy\" decoding=\"async\" class=\"alignnone size-medium wp-image-1319\" src=\"http:\/\/www.gospelchor-sustrum-moor.de\/wp-content\/uploads\/2020\/03\/IMG_8803-300x230.jpg\" alt=\"\" width=\"300\" height=\"230\" srcset=\"https:\/\/www.gospelchor-sustrum-moor.de\/wp-content\/uploads\/2020\/03\/IMG_8803-300x230.jpg 300w, https:\/\/www.gospelchor-sustrum-moor.de\/wp-content\/uploads\/2020\/03\/IMG_8803-768x589.jpg 768w, https:\/\/www.gospelchor-sustrum-moor.de\/wp-content\/uploads\/2020\/03\/IMG_8803-1024x785.jpg 1024w\" sizes=\"(max-width: 300px) 100vw, 300px\" \/><\/p>\n","protected":false},"excerpt":{"rendered":"<p>Am 02.06.2019 fand ein Benefizkonzert in der Kirche in Neub\u00f6rger statt, mit dessen Erl\u00f6s wir zwei Missionsprojekte in Afrika unterst\u00fctzten. Hier ein paar Impressionen:<\/p>\n","protected":false},"author":1,"featured_media":1317,"comment_status":"closed","ping_status":"closed","sticky":false,"template":"","format":"standard","meta":{"site-sidebar-layout":"default","site-content-layout":"default","ast-site-content-layout":"","site-content-style":"default","site-sidebar-style":"default","ast-global-header-display":"","ast-banner-title-visibility":"","ast-main-header-display":"","ast-hfb-above-header-display":"","ast-hfb-below-header-display":"","ast-hfb-mobile-header-display":"","site-post-title":"","ast-breadcrumbs-content":"","ast-featured-img":"","footer-sml-layout":"","theme-transparent-header-meta":"default","adv-header-id-meta":"","stick-header-meta":"","header-above-stick-meta":"","header-main-stick-meta":"","header-below-stick-meta":"","astra-migrate-meta-layouts":"default","ast-page-background-enabled":"default","ast-page-background-meta":{"desktop":{"background-color":"var(--ast-global-color-4)","background-image":"","background-repeat":"repeat","background-position":"center center","background-size":"auto","background-attachment":"scroll","background-type":"","background-media":"","overlay-type":"","overlay-color":"","overlay-gradient":""},"tablet":{"background-color":"","background-image":"","background-repeat":"repeat","background-position":"center center","background-size":"auto","background-attachment":"scroll","background-type":"","background-media":"","overlay-type":"","overlay-color":"","overlay-gradient":""},"mobile":{"background-color":"","background-image":"","background-repeat":"repeat","background-position":"center center","background-size":"auto","background-attachment":"scroll","background-type":"","background-media":"","overlay-type":"","overlay-color":"","overlay-gradient":""}},"ast-content-background-meta":{"desktop":{"background-color":"var(--ast-global-color-5)","background-image":"","background-repeat":"repeat","background-position":"center center","background-size":"auto","background-attachment":"scroll","background-type":"","background-media":"","overlay-type":"","overlay-color":"","overlay-gradient":""},"tablet":{"background-color":"var(--ast-global-color-5)","background-image":"","background-repeat":"repeat","background-position":"center center","background-size":"auto","background-attachment":"scroll","background-type":"","background-media":"","overlay-type":"","overlay-color":"","overlay-gradient":""},"mobile":{"background-color":"var(--ast-global-color-5)","background-image":"","background-repeat":"repeat","background-position":"center center","background-size":"auto","background-attachment":"scroll","background-type":"","background-media":"","overlay-type":"","overlay-color":"","overlay-gradient":""}},"ngg_post_thumbnail":0,"footnotes":""},"categories":[1],"tags":[],"_links":{"self":[{"href":"https:\/\/www.gospelchor-sustrum-moor.de\/index.php?rest_route=\/wp\/v2\/posts\/1316"}],"collection":[{"href":"https:\/\/www.gospelchor-sustrum-moor.de\/index.php?rest_route=\/wp\/v2\/posts"}],"about":[{"href":"https:\/\/www.gospelchor-sustrum-moor.de\/index.php?rest_route=\/wp\/v2\/types\/post"}],"author":[{"embeddable":true,"href":"https:\/\/www.gospelchor-sustrum-moor.de\/index.php?rest_route=\/wp\/v2\/users\/1"}],"replies":[{"embeddable":true,"href":"https:\/\/www.gospelchor-sustrum-moor.de\/index.php?rest_route=%2Fwp%2Fv2%2Fcomments&post=1316"}],"version-history":[{"count":0,"href":"https:\/\/www.gospelchor-sustrum-moor.de\/index.php?rest_route=\/wp\/v2\/posts\/1316\/revisions"}],"wp:featuredmedia":[{"embeddable":true,"href":"https:\/\/www.gospelchor-sustrum-moor.de\/index.php?rest_route=\/wp\/v2\/media\/1317"}],"wp:attachment":[{"href":"https:\/\/www.gospelchor-sustrum-moor.de\/index.php?rest_route=%2Fwp%2Fv2%2Fmedia&parent=1316"}],"wp:term":[{"taxonomy":"category","embeddable":true,"href":"https:\/\/www.gospelchor-sustrum-moor.de\/index.php?rest_route=%2Fwp%2Fv2%2Fcategories&post=1316"},{"taxonomy":"post_tag","embeddable":true,"href":"https:\/\/www.gospelchor-sustrum-moor.de\/index.php?rest_route=%2Fwp%2Fv2%2Ftags&post=1316"}],"curies":[{"name":"wp","href":"https:\/\/api.w.org\/{rel}","templated":true}]}}