{"id":48,"date":"2012-05-09T09:26:38","date_gmt":"2012-05-09T09:26:38","guid":{"rendered":"http:\/\/www.gospelchor-sustrum-moor.de\/?page_id=48"},"modified":"2020-03-26T01:11:10","modified_gmt":"2020-03-25T23:11:10","slug":"weihnachtsmarkt-haren-2010","status":"publish","type":"post","link":"https:\/\/www.gospelchor-sustrum-moor.de\/?p=48","title":{"rendered":"Weihnachtsmarkt Haren 2010"},"content":{"rendered":"<p style=\"text-align: justify;\">Seine Einsatztauglichkeit unter widrigen Bedingungen bewies der Gospelchor auf dem Harener Weihnachtsmarkt 2010. Die S\u00e4ngerinnen und S\u00e4nger trotzten der Eisesk\u00e4lte und konnten die Herzen der Zuschauer erw\u00e4rmen, was mit ebensogro\u00dfem Durchhalteverm\u00f6gen von Seiten der Zuh\u00f6rer belohnt wurde.<\/p>\n<p style=\"text-align: justify;\"><strong>\n<div class=\"ngg-galleryoverview ngg-slideshow\"\n\tid=\"ngg-slideshow-4d9d569808e5ef38471f3fbe4e85f868-3356009980\"\n\tdata-gallery-id=\"4d9d569808e5ef38471f3fbe4e85f868\"\n\tstyle=\"max-width: px;\n\t\t\tmax-height: px;\n\t\t\tdisplay: none;\">\n\n\t\n\t\t<a href=\"https:\/\/www.gospelchor-sustrum-moor.de\/wp-content\/gallery\/weihnachtsmarkt-haren-2010\/Gospelchor%20Weihnachtsmarkt%20Haren%202010%20001.JPG\"\n\t\t\ttitle=\"\"\n\t\t\tdata-src=\"https:\/\/www.gospelchor-sustrum-moor.de\/wp-content\/gallery\/weihnachtsmarkt-haren-2010\/Gospelchor%20Weihnachtsmarkt%20Haren%202010%20001.JPG\"\n\t\t\tdata-thumbnail=\"https:\/\/www.gospelchor-sustrum-moor.de\/wp-content\/gallery\/weihnachtsmarkt-haren-2010\/thumbs\/thumbs_Gospelchor%20Weihnachtsmarkt%20Haren%202010%20001.JPG\"\n\t\t\tdata-image-id=\"33\"\n\t\t\tdata-title=\"Gospelchor Weihnachtsmarkt Haren 2010 001\"\n\t\t\tdata-description=\"\"\n\t\t\tclass=\"shutterset_4d9d569808e5ef38471f3fbe4e85f868\">\n\n\t\t\t<img data-image-id='33'\n\t\t\t\ttitle=\"\"\n\t\t\t\talt=\"Gospelchor Weihnachtsmarkt Haren 2010 001\"\n\t\t\t\tsrc=\"https:\/\/www.gospelchor-sustrum-moor.de\/wp-content\/gallery\/weihnachtsmarkt-haren-2010\/Gospelchor%20Weihnachtsmarkt%20Haren%202010%20001.JPG\"\n\t\t\t\tstyle=\"max-height: -20px;\"\/>\n\t\t<\/a>\n\n\t\t\n\t\t<a href=\"https:\/\/www.gospelchor-sustrum-moor.de\/wp-content\/gallery\/weihnachtsmarkt-haren-2010\/Gospelchor%20Weihnachtsmarkt%20Haren%202010%20002.JPG\"\n\t\t\ttitle=\"\"\n\t\t\tdata-src=\"https:\/\/www.gospelchor-sustrum-moor.de\/wp-content\/gallery\/weihnachtsmarkt-haren-2010\/Gospelchor%20Weihnachtsmarkt%20Haren%202010%20002.JPG\"\n\t\t\tdata-thumbnail=\"https:\/\/www.gospelchor-sustrum-moor.de\/wp-content\/gallery\/weihnachtsmarkt-haren-2010\/thumbs\/thumbs_Gospelchor%20Weihnachtsmarkt%20Haren%202010%20002.JPG\"\n\t\t\tdata-image-id=\"34\"\n\t\t\tdata-title=\"Gospelchor Weihnachtsmarkt Haren 2010 002\"\n\t\t\tdata-description=\"\"\n\t\t\tclass=\"shutterset_4d9d569808e5ef38471f3fbe4e85f868\">\n\n\t\t\t<img data-image-id='34'\n\t\t\t\ttitle=\"\"\n\t\t\t\talt=\"Gospelchor Weihnachtsmarkt Haren 2010 002\"\n\t\t\t\tsrc=\"https:\/\/www.gospelchor-sustrum-moor.de\/wp-content\/gallery\/weihnachtsmarkt-haren-2010\/Gospelchor%20Weihnachtsmarkt%20Haren%202010%20002.JPG\"\n\t\t\t\tstyle=\"max-height: -20px;\"\/>\n\t\t<\/a>\n\n\t\t\n\t\t<a href=\"https:\/\/www.gospelchor-sustrum-moor.de\/wp-content\/gallery\/weihnachtsmarkt-haren-2010\/Gospelchor%20Weihnachtsmarkt%20Haren%202010%20003.JPG\"\n\t\t\ttitle=\"\"\n\t\t\tdata-src=\"https:\/\/www.gospelchor-sustrum-moor.de\/wp-content\/gallery\/weihnachtsmarkt-haren-2010\/Gospelchor%20Weihnachtsmarkt%20Haren%202010%20003.JPG\"\n\t\t\tdata-thumbnail=\"https:\/\/www.gospelchor-sustrum-moor.de\/wp-content\/gallery\/weihnachtsmarkt-haren-2010\/thumbs\/thumbs_Gospelchor%20Weihnachtsmarkt%20Haren%202010%20003.JPG\"\n\t\t\tdata-image-id=\"35\"\n\t\t\tdata-title=\"Gospelchor Weihnachtsmarkt Haren 2010 003\"\n\t\t\tdata-description=\"\"\n\t\t\tclass=\"shutterset_4d9d569808e5ef38471f3fbe4e85f868\">\n\n\t\t\t<img data-image-id='35'\n\t\t\t\ttitle=\"\"\n\t\t\t\talt=\"Gospelchor Weihnachtsmarkt Haren 2010 003\"\n\t\t\t\tsrc=\"https:\/\/www.gospelchor-sustrum-moor.de\/wp-content\/gallery\/weihnachtsmarkt-haren-2010\/Gospelchor%20Weihnachtsmarkt%20Haren%202010%20003.JPG\"\n\t\t\t\tstyle=\"max-height: -20px;\"\/>\n\t\t<\/a>\n\n\t\t\n\t\t<a href=\"https:\/\/www.gospelchor-sustrum-moor.de\/wp-content\/gallery\/weihnachtsmarkt-haren-2010\/Gospelchor%20Weihnachtsmarkt%20Haren%202010%20004.JPG\"\n\t\t\ttitle=\"\"\n\t\t\tdata-src=\"https:\/\/www.gospelchor-sustrum-moor.de\/wp-content\/gallery\/weihnachtsmarkt-haren-2010\/Gospelchor%20Weihnachtsmarkt%20Haren%202010%20004.JPG\"\n\t\t\tdata-thumbnail=\"https:\/\/www.gospelchor-sustrum-moor.de\/wp-content\/gallery\/weihnachtsmarkt-haren-2010\/thumbs\/thumbs_Gospelchor%20Weihnachtsmarkt%20Haren%202010%20004.JPG\"\n\t\t\tdata-image-id=\"36\"\n\t\t\tdata-title=\"Gospelchor Weihnachtsmarkt Haren 2010 004\"\n\t\t\tdata-description=\"\"\n\t\t\tclass=\"shutterset_4d9d569808e5ef38471f3fbe4e85f868\">\n\n\t\t\t<img data-image-id='36'\n\t\t\t\ttitle=\"\"\n\t\t\t\talt=\"Gospelchor Weihnachtsmarkt Haren 2010 004\"\n\t\t\t\tsrc=\"https:\/\/www.gospelchor-sustrum-moor.de\/wp-content\/gallery\/weihnachtsmarkt-haren-2010\/Gospelchor%20Weihnachtsmarkt%20Haren%202010%20004.JPG\"\n\t\t\t\tstyle=\"max-height: -20px;\"\/>\n\t\t<\/a>\n\n\t\t\n\t\t<a href=\"https:\/\/www.gospelchor-sustrum-moor.de\/wp-content\/gallery\/weihnachtsmarkt-haren-2010\/Gospelchor%20Weihnachtsmarkt%20Haren%202010%20005.JPG\"\n\t\t\ttitle=\"\"\n\t\t\tdata-src=\"https:\/\/www.gospelchor-sustrum-moor.de\/wp-content\/gallery\/weihnachtsmarkt-haren-2010\/Gospelchor%20Weihnachtsmarkt%20Haren%202010%20005.JPG\"\n\t\t\tdata-thumbnail=\"https:\/\/www.gospelchor-sustrum-moor.de\/wp-content\/gallery\/weihnachtsmarkt-haren-2010\/thumbs\/thumbs_Gospelchor%20Weihnachtsmarkt%20Haren%202010%20005.JPG\"\n\t\t\tdata-image-id=\"37\"\n\t\t\tdata-title=\"Gospelchor Weihnachtsmarkt Haren 2010 005\"\n\t\t\tdata-description=\"\"\n\t\t\tclass=\"shutterset_4d9d569808e5ef38471f3fbe4e85f868\">\n\n\t\t\t<img data-image-id='37'\n\t\t\t\ttitle=\"\"\n\t\t\t\talt=\"Gospelchor Weihnachtsmarkt Haren 2010 005\"\n\t\t\t\tsrc=\"https:\/\/www.gospelchor-sustrum-moor.de\/wp-content\/gallery\/weihnachtsmarkt-haren-2010\/Gospelchor%20Weihnachtsmarkt%20Haren%202010%20005.JPG\"\n\t\t\t\tstyle=\"max-height: -20px;\"\/>\n\t\t<\/a>\n\n\t\t\n\t\t<a href=\"https:\/\/www.gospelchor-sustrum-moor.de\/wp-content\/gallery\/weihnachtsmarkt-haren-2010\/Gospelchor%20Weihnachtsmarkt%20Haren%202010%20006.JPG\"\n\t\t\ttitle=\"\"\n\t\t\tdata-src=\"https:\/\/www.gospelchor-sustrum-moor.de\/wp-content\/gallery\/weihnachtsmarkt-haren-2010\/Gospelchor%20Weihnachtsmarkt%20Haren%202010%20006.JPG\"\n\t\t\tdata-thumbnail=\"https:\/\/www.gospelchor-sustrum-moor.de\/wp-content\/gallery\/weihnachtsmarkt-haren-2010\/thumbs\/thumbs_Gospelchor%20Weihnachtsmarkt%20Haren%202010%20006.JPG\"\n\t\t\tdata-image-id=\"38\"\n\t\t\tdata-title=\"Gospelchor Weihnachtsmarkt Haren 2010 006\"\n\t\t\tdata-description=\"\"\n\t\t\tclass=\"shutterset_4d9d569808e5ef38471f3fbe4e85f868\">\n\n\t\t\t<img data-image-id='38'\n\t\t\t\ttitle=\"\"\n\t\t\t\talt=\"Gospelchor Weihnachtsmarkt Haren 2010 006\"\n\t\t\t\tsrc=\"https:\/\/www.gospelchor-sustrum-moor.de\/wp-content\/gallery\/weihnachtsmarkt-haren-2010\/Gospelchor%20Weihnachtsmarkt%20Haren%202010%20006.JPG\"\n\t\t\t\tstyle=\"max-height: -20px;\"\/>\n\t\t<\/a>\n\n\t\t<\/div>\n\n\t\t<!-- Thumbnails Link -->\n\t<div class=\"slideshowlink\" style=\"max-width: px;\">\n\t\t<a href='https:\/\/www.gospelchor-sustrum-moor.de\/index.php\/nggallery\/thumbnails?p=48'>[Show picture list]<\/a>\n\t<\/div>\n\n<\/strong><\/p>\n","protected":false},"excerpt":{"rendered":"<p>Seine Einsatztauglichkeit unter widrigen Bedingungen bewies der Gospelchor auf dem Harener Weihnachtsmarkt 2010. Die S\u00e4ngerinnen und S\u00e4nger trotzten der Eisesk\u00e4lte und konnten die Herzen der Zuschauer erw\u00e4rmen, was mit ebensogro\u00dfem Durchhalteverm\u00f6gen von Seiten der Zuh\u00f6rer belohnt wurde.<\/p>\n","protected":false},"author":1,"featured_media":0,"comment_status":"closed","ping_status":"closed","sticky":false,"template":"","format":"standard","meta":{"site-sidebar-layout":"default","site-content-layout":"","ast-site-content-layout":"","site-content-style":"default","site-sidebar-style":"default","ast-global-header-display":"","ast-banner-title-visibility":"","ast-main-header-display":"","ast-hfb-above-header-display":"","ast-hfb-below-header-display":"","ast-hfb-mobile-header-display":"","site-post-title":"","ast-breadcrumbs-content":"","ast-featured-img":"","footer-sml-layout":"","theme-transparent-header-meta":"","adv-header-id-meta":"","stick-header-meta":"","header-above-stick-meta":"","header-main-stick-meta":"","header-below-stick-meta":"","astra-migrate-meta-layouts":"default","ast-page-background-enabled":"default","ast-page-background-meta":{"desktop":{"background-color":"var(--ast-global-color-4)","background-image":"","background-repeat":"repeat","background-position":"center center","background-size":"auto","background-attachment":"scroll","background-type":"","background-media":"","overlay-type":"","overlay-color":"","overlay-gradient":""},"tablet":{"background-color":"","background-image":"","background-repeat":"repeat","background-position":"center center","background-size":"auto","background-attachment":"scroll","background-type":"","background-media":"","overlay-type":"","overlay-color":"","overlay-gradient":""},"mobile":{"background-color":"","background-image":"","background-repeat":"repeat","background-position":"center center","background-size":"auto","background-attachment":"scroll","background-type":"","background-media":"","overlay-type":"","overlay-color":"","overlay-gradient":""}},"ast-content-background-meta":{"desktop":{"background-color":"var(--ast-global-color-5)","background-image":"","background-repeat":"repeat","background-position":"center center","background-size":"auto","background-attachment":"scroll","background-type":"","background-media":"","overlay-type":"","overlay-color":"","overlay-gradient":""},"tablet":{"background-color":"var(--ast-global-color-5)","background-image":"","background-repeat":"repeat","background-position":"center center","background-size":"auto","background-attachment":"scroll","background-type":"","background-media":"","overlay-type":"","overlay-color":"","overlay-gradient":""},"mobile":{"background-color":"var(--ast-global-color-5)","background-image":"","background-repeat":"repeat","background-position":"center center","background-size":"auto","background-attachment":"scroll","background-type":"","background-media":"","overlay-type":"","overlay-color":"","overlay-gradient":""}},"ngg_post_thumbnail":0,"footnotes":""},"categories":[],"tags":[],"_links":{"self":[{"href":"https:\/\/www.gospelchor-sustrum-moor.de\/index.php?rest_route=\/wp\/v2\/posts\/48"}],"collection":[{"href":"https:\/\/www.gospelchor-sustrum-moor.de\/index.php?rest_route=\/wp\/v2\/posts"}],"about":[{"href":"https:\/\/www.gospelchor-sustrum-moor.de\/index.php?rest_route=\/wp\/v2\/types\/post"}],"author":[{"embeddable":true,"href":"https:\/\/www.gospelchor-sustrum-moor.de\/index.php?rest_route=\/wp\/v2\/users\/1"}],"replies":[{"embeddable":true,"href":"https:\/\/www.gospelchor-sustrum-moor.de\/index.php?rest_route=%2Fwp%2Fv2%2Fcomments&post=48"}],"version-history":[{"count":0,"href":"https:\/\/www.gospelchor-sustrum-moor.de\/index.php?rest_route=\/wp\/v2\/posts\/48\/revisions"}],"wp:attachment":[{"href":"https:\/\/www.gospelchor-sustrum-moor.de\/index.php?rest_route=%2Fwp%2Fv2%2Fmedia&parent=48"}],"wp:term":[{"taxonomy":"category","embeddable":true,"href":"https:\/\/www.gospelchor-sustrum-moor.de\/index.php?rest_route=%2Fwp%2Fv2%2Fcategories&post=48"},{"taxonomy":"post_tag","embeddable":true,"href":"https:\/\/www.gospelchor-sustrum-moor.de\/index.php?rest_route=%2Fwp%2Fv2%2Ftags&post=48"}],"curies":[{"name":"wp","href":"https:\/\/api.w.org\/{rel}","templated":true}]}}